{"id":2823,"date":"2026-07-30T06:34:00","date_gmt":"2026-07-30T06:34:00","guid":{"rendered":"https:\/\/discover-fujisawa.jp\/?post_type=news&#038;p=2823"},"modified":"2026-09-04T05:39:05","modified_gmt":"2026-09-04T05:39:05","slug":"aobuta-2026-event","status":"publish","type":"news","link":"https:\/\/discover-fujisawa.jp\/es\/news\/aobuta-2026-event\/","title":{"rendered":"\u00abRascal Does Not Dream\u00bb en Fujisawa: eventos del verano 2026"},"content":{"rendered":"<p><\/p>\n<div class=\"aobuta-lp\">\n<section class=\"hero\">\n<div class=\"hero-image hero-image-left\"><img decoding=\"async\" src=\"https:\/\/discover-fujisawa.jp\/wp-content\/uploads\/2026\/07\/hero-kv-2026.jpg\" alt=\"\"><\/div>\n<\/section>\n<section class=\"intro\">\n<p class=\"section-kicker\">AOBUTA \u00d7 FUJISAWA<\/p>\n<h2>Este verano, visita Fujisawa, el escenario de Aobuta<\/h2>\n<p>Rascal Does Not Dream of a Dear Friend se estrenar\u00e1 en cines el viernes 16 de octubre.<\/p>\n<p>\u00a1Numerosos eventos en Fujisawa con motivo del final de la serie \u00abRascal Does Not Dream\u00bb!<\/p>\n<p>La serie Rascal Does Not Dream colabora con la ciudad de Fujisawa. Recorre la ciudad mientras disfrutas de un rally digital de sellos, exposiciones, una tienda temporal, una proyecci\u00f3n nocturna y mucho m\u00e1s.<\/p>\n<\/section>\n<nav class=\"event-nav\" id=\"events\" aria-label=\"Lista de eventos\">\n<p class=\"section-kicker\">EVENT LINEUP<\/p>\n<h2>Programa de eventos<\/h2>\n<div class=\"event-nav-grid\"><a href=\"#event-1\"><span class=\"event-nav-image\"><img decoding=\"async\" src=\"https:\/\/discover-fujisawa.jp\/wp-content\/uploads\/2026\/07\/B1.jpg\" alt=\"\" loading=\"lazy\"><\/span><span class=\"event-nav-number\">1<\/span><span class=\"event-nav-label\">Aobuta \u00d7 Linternas de Enoshima<\/span><\/a><a href=\"#event-2\"><span class=\"event-nav-image\"><img decoding=\"async\" src=\"https:\/\/discover-fujisawa.jp\/wp-content\/uploads\/2026\/07\/bigcamera_navi.jpg\" alt=\"\" loading=\"lazy\"><\/span><span class=\"event-nav-number\">2<\/span><span class=\"event-nav-label\">POP-UP SHOP en BicCamera Fujisawa<\/span><\/a><a href=\"#event-3\"><span class=\"event-nav-image\"><img decoding=\"async\" src=\"https:\/\/discover-fujisawa.jp\/wp-content\/uploads\/2026\/07\/fujisawa.jpg\" alt=\"\" loading=\"lazy\"><\/span><span class=\"event-nav-number\">3<\/span><span class=\"event-nav-label\">Aobuta \u00d7 Ciudad de Fujisawa<\/span><\/a><a href=\"#event-4\"><span class=\"event-nav-image\"><img decoding=\"async\" src=\"https:\/\/discover-fujisawa.jp\/wp-content\/uploads\/2026\/07\/kv_kotoba.jpg\" alt=\"\" loading=\"lazy\"><\/span><span class=\"event-nav-number\">4<\/span><span class=\"event-nav-label\">Exposici\u00f3n Las Palabras de Aobuta<\/span><\/a><a href=\"#event-5\"><span class=\"event-nav-image\"><img decoding=\"async\" src=\"https:\/\/discover-fujisawa.jp\/wp-content\/uploads\/2026\/07\/shonan.jpg\" alt=\"\" loading=\"lazy\"><\/span><span class=\"event-nav-number\">5<\/span><span class=\"event-nav-label\">Aobuta \u00d7 ODAKYU Shonan GATE<\/span><\/a><a href=\"#event-6\"><span class=\"event-nav-image\"><img decoding=\"async\" src=\"https:\/\/discover-fujisawa.jp\/wp-content\/uploads\/2026\/07\/memorial.jpg\" alt=\"\" loading=\"lazy\"><\/span><span class=\"event-nav-number\">6<\/span><span class=\"event-nav-label\">Plaza subterr\u00e1nea de la salida norte de la estaci\u00f3n Fujisawa<\/span><\/a><a href=\"#event-7\"><span class=\"event-nav-image\"><img decoding=\"async\" src=\"https:\/\/discover-fujisawa.jp\/wp-content\/uploads\/2026\/07\/movie_navi.jpg\" alt=\"\" loading=\"lazy\"><\/span><span class=\"event-nav-number\">7<\/span><span class=\"event-nav-label\">Proyecci\u00f3n nocturna del anime<\/span><\/a><\/div>\n<\/nav>\n<div class=\"events\">\n<section class=\"event-section\" id=\"event-1\">\n<div class=\"event-visual\"><img decoding=\"async\" src=\"https:\/\/discover-fujisawa.jp\/wp-content\/uploads\/2026\/07\/B1.jpg\" alt=\"Aobuta \u00d7 Linternas de Enoshima 2026\" loading=\"lazy\"><\/div>\n<div class=\"event-content\">\n<p class=\"event-index\">EVENT 01<\/p>\n<h2>Aobuta \u00d7 Linternas de Enoshima 2026<\/h2>\n<p class=\"event-period\">1 de agosto (s\u00e1bado) \u2013 23 de septiembre (mi\u00e9rcoles festivo), 2026<\/p>\n<p class=\"event-description\">Se instalan faroles de la colaboraci\u00f3n por toda la isla y aparecen paneles de tama\u00f1o real en la sala panor\u00e1mica del Enoshima Sea Candle. Pasee por la isla iluminada por m\u00e1s de 1.000 faroles.<\/p>\n<div class=\"event-info\">\n<div class=\"info-row\"><span class=\"info-label\">Horario<\/span><span class=\"info-value\">18:00\u201320:00 (\u00faltima entrada 20:00)<small>Hasta las 21:00 los s\u00e1bados, domingos, festivos y del 10 al 14 de agosto (\u00faltima entrada 20:30)<\/small><\/span><\/div>\n<div class=\"info-row\"><span class=\"info-label\">Lugar<\/span><span class=\"info-value\">Santuario de Enoshima, Jard\u00edn Samuel Cocking, Enoshima Sea Candle y cuevas de Iwaya<\/span><\/div>\n<div class=\"info-row\"><span class=\"info-label\">Entrada<\/span><span class=\"info-value\">Gratuita para ver los faroles. El Jard\u00edn Samuel Cocking, el Sea Candle y las cuevas de Iwaya cobran entrada aparte.<\/span><\/div>\n<div class=\"info-row\"><span class=\"info-label\">Avisos<\/span><span class=\"info-value\"><\/p>\n<ul>\n<li>Quienes acudan en yukata o jinbei despu\u00e9s de las 17:00 reciben un art\u00edculo original (hasta agotar existencias).<\/li>\n<li>Se cancela en caso de lluvia o mal tiempo.<\/li>\n<li>Horarios y tarifas de entrada completos en la <a href=\"\/es\/news\/enoshima-lanterns\/\">p\u00e1gina Linternas de Enoshima 2026<\/a>.<\/li>\n<\/ul>\n<p><\/span><\/div>\n<\/div>\n<\/div>\n<\/section>\n<section class=\"event-section\" id=\"event-2\">\n<div class=\"event-visual\"><img decoding=\"async\" src=\"https:\/\/discover-fujisawa.jp\/wp-content\/uploads\/2026\/07\/bigcamera.jpg\" alt=\"Imagen del POP-UP SHOP en BicCamera Fujisawa\" loading=\"lazy\"><\/div>\n<div class=\"event-content\">\n<p class=\"event-index\">EVENT 02<\/p>\n<h2>POP-UP SHOP en BicCamera Fujisawa<\/h2>\n<p class=\"event-period\">Del s\u00e1bado 8 de agosto al domingo 6 de septiembre de 2026<\/p>\n<div class=\"event-info\">\n<div class=\"info-row\"><span class=\"info-label\">Lugar<\/span><span class=\"info-value\">BicCamera Fujisawa, 6.\u00aa planta<br \/><small class=\"sub-address\">559 Fujisawa, Fujisawa-city, Kanagawa 251-0052<\/small><\/span><\/div>\n<div class=\"info-row\"><span class=\"info-label\">Horario<\/span><span class=\"info-value\">10:00\u201321:00<\/span><\/div>\n<div class=\"info-row\"><span class=\"info-label\">Sitio especial<\/span><span class=\"info-value\"><a href=\"https:\/\/www.aniplex.co.jp\/aobuta-shop\/\" target=\"_blank\" rel=\"noopener noreferrer\">Sitio del POP UP SHOP<\/a><\/span><\/div>\n<\/div>\n<article class=\"detail-card\">\n<h3>Exhibiciones especiales<\/h3>\n<div class=\"event-info\">\n<div class=\"info-row\"><span class=\"info-label\">2.\u00aa planta<\/span><span class=\"info-value\">Figuras de personajes de Rascal Does Not Dream of a Dear Friend<\/span><\/div>\n<div class=\"info-row\"><span class=\"info-label\">2.\u00aa planta<\/span><span class=\"info-value\">Proyecci\u00f3n de v\u00eddeos de la serie Rascal Does Not Dream<\/span><\/div>\n<div class=\"info-row\"><span class=\"info-label\">6.\u00aa planta<\/span><span class=\"info-value\">Exposici\u00f3n de materiales de producci\u00f3n de la serie Rascal Does Not Dream<\/span><\/div>\n<\/div>\n<\/article>\n<article class=\"detail-card\">\n<h3>Obsequio por compra<\/h3>\n<p>Recibe un minip\u00f3ster con una compra de 7.000 yenes o m\u00e1s (impuestos incluidos).<\/p>\n<ul class=\"notes\">\n<li>Disponible hasta agotar existencias.<\/li>\n<li>Un p\u00f3ster por compra. Las compras de 14.000 yenes o m\u00e1s tambi\u00e9n reciben un solo p\u00f3ster.<\/li>\n<li>No se pueden combinar recibos.<\/li>\n<\/ul>\n<\/article>\n<\/div>\n<\/section>\n<section class=\"event-section\" id=\"event-3\">\n<div class=\"event-visual\"><img decoding=\"async\" src=\"https:\/\/discover-fujisawa.jp\/wp-content\/uploads\/2026\/07\/fujisawa_mozi.jpg\" alt=\"Imagen de la colaboraci\u00f3n Aobuta \u00d7 Ciudad de Fujisawa\" loading=\"lazy\"><\/div>\n<div class=\"event-content\">\n<p class=\"event-index\">EVENT 03<\/p>\n<h2>Aobuta \u00d7 Ciudad de Fujisawa<\/h2>\n<article class=\"detail-card\">\n<h3>Rally digital de sellos<\/h3>\n<p class=\"sub-period\">Del martes 11 de agosto al mi\u00e9rcoles 30 de septiembre de 2026<\/p>\n<div class=\"event-info\">\n<div class=\"info-row\"><span class=\"info-label\">Participaci\u00f3n<\/span><span class=\"info-value\">Gratis<\/span><\/div>\n<div class=\"info-row\"><span class=\"info-label\">Premio por completar<\/span><span class=\"info-value\">Tarjeta de visita original de Mai Sakurajima, embajadora de RR. PP. 2026<\/span><\/div>\n<div class=\"info-row\"><span class=\"info-label\">Consultas<\/span><span class=\"info-value\">Centro Tur\u00edstico de la Ciudad de Fujisawa<br \/><a href=\"tel:0466224141\">TEL: 0466-22-4141<\/a><\/span><\/div>\n<\/div>\n<p><img decoding=\"async\" class=\"detail-image\" src=\"https:\/\/discover-fujisawa.jp\/wp-content\/uploads\/2026\/07\/img_fujisawa_meishi.jpg\" alt=\"Tarjeta de visita original de Mai Sakurajima, embajadora de RR. PP. 2026\" loading=\"lazy\"><\/article>\n<article class=\"detail-card\">\n<h3>Exhibici\u00f3n de carteles de la colaboraci\u00f3n<\/h3>\n<p class=\"sub-period\">A partir de aproximadamente el martes 11 de agosto de 2026<\/p>\n<div class=\"event-info\">\n<div class=\"info-row\"><span class=\"info-label\">Lugares<\/span><span class=\"info-value\">Centro Tur\u00edstico de la Ciudad de Fujisawa \/ Oficina de Informaci\u00f3n Tur\u00edstica de Katase-Enoshima \/ comercios de Enoshima \/ edificio principal del Ayuntamiento de Fujisawa \/ Biblioteca Municipal General de Fujisawa \/ centros comunitarios \/ frente al centro vecinal de Shichirigahama, entre otros<\/span><\/div>\n<\/div>\n<\/article>\n<article class=\"detail-card\">\n<h3>Exhibici\u00f3n de banderolas de personajes<\/h3>\n<p class=\"sub-period\">A partir de aproximadamente el martes 11 de agosto de 2026<\/p>\n<div class=\"event-info\">\n<div class=\"info-row\"><span class=\"info-label\">Lugares<\/span><span class=\"info-value\">Centro Tur\u00edstico de la Ciudad de Fujisawa \/ Oficina de Informaci\u00f3n Tur\u00edstica de Katase-Enoshima \/ distintos puntos de Enoshima \/ calle comercial Hon-Kugenuma \/ calle comercial Kugenuma Kaigan \/ frente al centro vecinal de Shichirigahama \/ comercios de Enoshima \/ calle comercial Katase Subana-dori \/ Biblioteca Municipal General de Fujisawa, entre otros<\/span><\/div>\n<\/div>\n<p><img decoding=\"async\" class=\"detail-image\" src=\"https:\/\/discover-fujisawa.jp\/wp-content\/uploads\/2026\/07\/img_fujisawa_nobori.jpg\" alt=\"Banderolas de personajes\" loading=\"lazy\"><\/article>\n<article class=\"detail-card\">\n<h3>Mai Sakurajima nombrada embajadora de RR. PP.<\/h3>\n<p><img decoding=\"async\" class=\"detail-image\" src=\"https:\/\/discover-fujisawa.jp\/wp-content\/uploads\/2026\/07\/img_pr.jpg\" alt=\"Foto conmemorativa del nombramiento de Mai Sakurajima como embajadora de RR. PP.\" loading=\"lazy\"><\/article>\n<\/div>\n<\/section>\n<section class=\"event-section\" id=\"event-4\">\n<div class=\"event-visual\"><img decoding=\"async\" src=\"https:\/\/discover-fujisawa.jp\/wp-content\/uploads\/2026\/07\/kv_kotoba.jpg\" alt=\"Imagen principal de la exposici\u00f3n Las Palabras de Aobuta\" loading=\"lazy\"><\/div>\n<div class=\"event-content\">\n<p class=\"event-index\">EVENT 04<\/p>\n<h2>Exposici\u00f3n Las Palabras de Aobuta<\/h2>\n<p class=\"event-period\">Del martes 11 al domingo 23 de agosto de 2026<\/p>\n<p class=\"event-description\">Una exposici\u00f3n que re\u00fane numerosas frases memorables de la serie Rascal Does Not Dream. Redescubre, a trav\u00e9s de sus palabras, los sentimientos sinceros, los conflictos y las emociones propias de la adolescencia de los personajes.<\/p>\n<div class=\"event-info\">\n<div class=\"info-row\"><span class=\"info-label\">Horario<\/span><span class=\"info-value\">Lunes\u2013s\u00e1bado: 10:00\u201319:00<br \/>Domingo: 10:00\u201317:00<small>No formes fila antes de la apertura de las instalaciones.<\/small><\/span><\/div>\n<div class=\"info-row\"><span class=\"info-label\">Cerrado<\/span><span class=\"info-value\">Lunes 17 y martes 18 de agosto<\/span><\/div>\n<div class=\"info-row\"><span class=\"info-label\">Lugar<\/span><span class=\"info-value\">Galer\u00eda Ciudadana de Fujisawa, sala de exposiciones 1<br \/><small class=\"sub-address\">6.\u00aa planta de ODAKYU Shonan GATE, 21-1 Minamifujisawa, Fujisawa, Kanagawa 251-8570<\/small><\/span><\/div>\n<div class=\"info-row\"><span class=\"info-label\">Entrada<\/span><span class=\"info-value\">Gratis<\/span><\/div>\n<div class=\"info-row\"><span class=\"info-label\">Avisos<\/span><span class=\"info-value\"><\/p>\n<ul>\n<li>No contactes directamente con las instalaciones.<\/li>\n<li>Se permite fotografiar las piezas expuestas.<\/li>\n<li>No se permite comer, beber ni fumar en la sala de exposiciones.<\/li>\n<li>Las fechas y los horarios pueden cambiar sin previo aviso.<\/li>\n<li>Evita cualquier comportamiento que pueda molestar a otros visitantes.<\/li>\n<\/ul>\n<p><\/span><\/div>\n<div class=\"info-row\"><span class=\"info-label\">Consultas<\/span><span class=\"info-value\">Centro de Atenci\u00f3n al Cliente de Aniplex<br \/><a href=\"https:\/\/aniplex.co.jp\/support\/\" target=\"_blank\" rel=\"noopener noreferrer\">P\u00e1gina de contacto<\/a><\/span><\/div>\n<\/div>\n<\/div>\n<\/section>\n<section class=\"event-section\" id=\"event-5\">\n<div class=\"event-visual\"><img decoding=\"async\" src=\"https:\/\/discover-fujisawa.jp\/wp-content\/uploads\/2026\/07\/shonan_mozi.jpg\" alt=\"Imagen de la colaboraci\u00f3n Aobuta \u00d7 ODAKYU Shonan GATE\" loading=\"lazy\"><\/div>\n<div class=\"event-content\">\n<p class=\"event-index\">EVENT 05<\/p>\n<h2>Aobuta \u00d7 ODAKYU Shonan GATE<\/h2>\n<p class=\"event-period\">Del martes 11 de agosto al domingo 6 de septiembre de 2026<\/p>\n<article class=\"detail-card\">\n<h3>Exhibiciones especiales<\/h3>\n<div class=\"event-info\">\n<div class=\"info-row\"><span class=\"info-label\">2.\u00aa planta<\/span><span class=\"info-value\">Decoraci\u00f3n especial en la entrada principal<\/span><\/div>\n<div class=\"info-row\"><span class=\"info-label\">5.\u00aa planta<\/span><span class=\"info-value\">Figuras de personajes de Rascal Does Not Dream of Santa Claus<\/span><\/div>\n<div class=\"info-row\"><span class=\"info-label\">7.\u00aa planta<\/span><span class=\"info-value\">Carteles de im\u00e1genes principales de toda la serie Rascal Does Not Dream<\/span><\/div>\n<div class=\"info-row\"><span class=\"info-label\">En todo el edificio<\/span><span class=\"info-value\">Exhibici\u00f3n de carteles de la colaboraci\u00f3n<\/span><\/div>\n<\/div>\n<p><img decoding=\"async\" class=\"detail-image\" src=\"https:\/\/discover-fujisawa.jp\/wp-content\/uploads\/2026\/07\/shonan_sousyoku.jpg\" alt=\"Decoraci\u00f3n especial de la entrada principal de ODAKYU Shonan GATE\" loading=\"lazy\"><\/article>\n<article class=\"detail-card\">\n<h3>Anuncio original en el edificio<\/h3>\n<p>Se emitir\u00e1 un anuncio original de Mai Sakurajima dentro del edificio.<\/p>\n<\/article>\n<article class=\"detail-card\">\n<h3>Campa\u00f1a de colaboraci\u00f3n<\/h3>\n<p>Quienes gasten al menos 1.500 yenes, impuestos incluidos, en una sola compra en un restaurante o cafeter\u00eda del edificio y muestren la pantalla de participaci\u00f3n en el Rally Digital de Sellos Aobuta \u00d7 Ciudad de Fujisawa recibir\u00e1n una pegatina original.<\/p>\n<ul class=\"notes\">\n<li>Disponible hasta agotar existencias.<\/li>\n<li>Las pegatinas se distribuir\u00e1n hasta el mi\u00e9rcoles 30 de septiembre.<\/li>\n<li>La campa\u00f1a puede finalizar sin previo aviso.<\/li>\n<\/ul>\n<p><img decoding=\"async\" class=\"sticker-image\" src=\"https:\/\/discover-fujisawa.jp\/wp-content\/uploads\/2026\/07\/img_shonan_sticker.jpg\" alt=\"Pegatina original\" loading=\"lazy\"><\/article>\n<\/div>\n<\/section>\n<section class=\"event-section\" id=\"event-6\">\n<div class=\"event-visual\"><img decoding=\"async\" src=\"https:\/\/discover-fujisawa.jp\/wp-content\/uploads\/2026\/07\/memorial.jpg\" alt=\"Imagen conmemorativa\" loading=\"lazy\"><\/div>\n<div class=\"event-content\">\n<p class=\"event-index\">EVENT 06<\/p>\n<h2>Plaza subterr\u00e1nea de la salida norte de la estaci\u00f3n Fujisawa<\/h2>\n<p class=\"event-period\">Del martes 11 de agosto al domingo 6 de septiembre de 2026<\/p>\n<div class=\"event-info\">\n<div class=\"info-row\"><span class=\"info-label\">Lugar<\/span><span class=\"info-value\">Plaza subterr\u00e1nea de la salida norte de la estaci\u00f3n Fujisawa<\/span><\/div>\n<div class=\"info-row\"><span class=\"info-label\">Contenido<\/span><span class=\"info-value\">Exposici\u00f3n de una imagen conmemorativa, proyecci\u00f3n recopilatoria y m\u00e1s<\/span><\/div>\n<div class=\"info-row\"><span class=\"info-label\">Avisos<\/span><span class=\"info-value\"><\/p>\n<ul>\n<li>No toques ni retires ninguna pieza expuesta.<\/li>\n<li>El periodo de exposici\u00f3n puede cambiar sin previo aviso.<\/li>\n<\/ul>\n<p><\/span><\/div>\n<\/div>\n<\/div>\n<\/section>\n<section class=\"event-section\" id=\"event-7\">\n<div class=\"event-visual\"><img decoding=\"async\" src=\"https:\/\/discover-fujisawa.jp\/wp-content\/uploads\/2026\/07\/movie.jpg\" alt=\"Imagen de la proyecci\u00f3n nocturna de la serie Rascal Does Not Dream\" loading=\"lazy\"><\/div>\n<div class=\"event-content\">\n<p class=\"event-index\">EVENT 07<\/p>\n<h2>Proyecci\u00f3n nocturna de la serie de anime Rascal Does Not Dream<\/h2>\n<p class=\"event-period\">S\u00e1bado 22 de agosto de 2026, sesi\u00f3n de las 21:30 (Final previsto a las 4:55)<\/p>\n<div class=\"event-info\">\n<div class=\"info-row\"><span class=\"info-label\">Cine<\/span><span class=\"info-value\">109 Cinemas Shonan<\/span><\/div>\n<div class=\"info-row\"><span class=\"info-label\">Programa<\/span><span class=\"info-value\">Los 13 episodios de Rascal Does Not Dream of Bunny Girl Senpai<br \/>Rascal Does Not Dream of a Dreaming Girl<\/span><\/div>\n<div class=\"info-row\"><span class=\"info-label\">Obsequio de entrada<\/span><span class=\"info-value\">Tarjeta conmemorativa plegada en acorde\u00f3n<\/span><\/div>\n<div class=\"info-row\"><span class=\"info-label\">Precio<\/span><span class=\"info-value\">4.200 yenes, impuestos incluidos<br \/>Asiento Executive: 5.200 yenes, impuestos incluidos<\/p>\n<ul>\n<li>No se pueden utilizar entradas anticipadas ni tarifas de servicios especiales.<\/li>\n<li>No se pueden utilizar entradas gratuitas ni invitaciones.<\/li>\n<li>Seg\u00fan la normativa de protecci\u00f3n de menores, los menores de 18 a\u00f1os no pueden entrar, ni siquiera acompa\u00f1ados por un padre, madre o tutor.<\/li>\n<\/ul>\n<p><\/span><\/div>\n<\/div>\n<p><img decoding=\"async\" class=\"detail-image\" src=\"https:\/\/discover-fujisawa.jp\/wp-content\/uploads\/2026\/07\/jabara.jpg\" alt=\"Tarjeta conmemorativa plegada en acorde\u00f3n incluida con la entrada\" loading=\"lazy\"><\/p>\n<article class=\"detail-card\">\n<h3>Venta de entradas<\/h3>\n<div class=\"event-info\">\n<div class=\"info-row\"><span class=\"info-label\">Sitio web del cine<\/span><span class=\"info-value\">Desde el viernes 24 de julio a las 22:00<\/span><\/div>\n<div class=\"info-row\"><span class=\"info-label\">Taquilla del cine<\/span><span class=\"info-value\">Desde la apertura del cine el s\u00e1bado 25 de julio<\/span><\/div>\n<\/div>\n<ul class=\"notes\">\n<li>Si se agotan las entradas en l\u00ednea, no se vender\u00e1n en taquilla.<\/li>\n<li>Se pueden comprar hasta dos entradas por persona.<\/li>\n<li>No se aplica la venta anticipada para socios.<\/li>\n<\/ul>\n<\/article>\n<section class=\"general-notes\" id=\"notes\">\n<h2>Informaci\u00f3n para visitantes<\/h2>\n<ul>\n<li>El contenido y los horarios de los eventos pueden cambiar sin previo aviso.<\/li>\n<li>Consulta los sitios oficiales de los organizadores y recintos para obtener la informaci\u00f3n m\u00e1s reciente.<\/li>\n<li>Respeta a los residentes y a los dem\u00e1s visitantes en los alrededores de los recintos.<\/li>\n<\/ul>\n<p><a href=\"https:\/\/ao-buta.com\/summer2026\/\" target=\"_blank\" rel=\"noopener noreferrer\">Sitio oficial del Festival de Verano Aobuta<\/a><\/section>\n<details class=\"notice-details\">\n<summary>Informaci\u00f3n importante sobre la proyecci\u00f3n<\/summary>\n<ul>\n<li>La serie de televisi\u00f3n se proyectar\u00e1 desde Blu-ray.<\/li>\n<li>Todos los asientos est\u00e1n numerados. Es obligatorio disponer de una entrada v\u00e1lida.<\/li>\n<li>Queda estrictamente prohibida la compra para reventa o transferencia.<\/li>\n<li>Las entradas revendidas con \u00e1nimo de lucro, incluida la reventa en Internet, ser\u00e1n anuladas y se denegar\u00e1 la entrada.<\/li>\n<li>No se permiten cambios ni reembolsos despu\u00e9s de la compra.<\/li>\n<li>Queda estrictamente prohibido hacer fotos, grabar v\u00eddeo o audio dentro de la sala.<\/li>\n<li>La organizaci\u00f3n no se responsabiliza de disputas entre asistentes.<\/li>\n<li>Las personas en silla de ruedas deben comprar una entrada de asiento normal y ponerse despu\u00e9s en contacto con el cine. Normalmente ver\u00e1n la proyecci\u00f3n desde un espacio para sillas de ruedas; las plazas son limitadas y puede asignarse otra ubicaci\u00f3n.<\/li>\n<li>Despu\u00e9s de las 24:00, el edificio estar\u00e1 cerrado y no se permitir\u00e1 salir ni volver a entrar.<\/li>\n<li>Despu\u00e9s de las 24:00, solo estar\u00e1n disponibles los aseos y papeleras del cine.<\/li>\n<li>El horario y los productos del puesto de comida pueden diferir de lo habitual.<\/li>\n<li>Se prev\u00e9 que el aparcamiento funcione con normalidad (entrada de 6:00 a 25:00; salida disponible las 24 horas).<\/li>\n<li>Abandona el edificio sin demora al terminar la proyecci\u00f3n.<\/li>\n<\/ul>\n<\/details>\n<\/div>\n<\/section>\n<\/div>\n<section class=\"access-section\" id=\"access\">\n<div>\n<p class=\"section-kicker\">GETTING HERE<\/p>\n<h2>A una hora de Tokio. Ven a Fujisawa y Enoshima<\/h2>\n<\/div>\n<div>\n<p>Los trenes directos desde Shinjuku, Shibuya, Shinagawa, Tokio y Ueno tardan aproximadamente una hora. Mientras visitas los eventos, disfruta tambi\u00e9n de los paisajes de Fujisawa y Enoshima que inspiraron la serie.<\/p>\n<p><a class=\"outline-button\" href=\"\/access\/\" target=\"_blank\" rel=\"noopener noreferrer\">Ver informaci\u00f3n de acceso<\/a><\/div>\n<\/section>\n<\/div>\n<p><\/p>","protected":false},"featured_media":0,"template":"","class_list":["post-2823","news","type-news","status-publish","hentry"],"acf":[],"aioseo_notices":[],"_links":{"self":[{"href":"https:\/\/discover-fujisawa.jp\/es\/wp-json\/wp\/v2\/news\/2823","targetHints":{"allow":["GET"]}}],"collection":[{"href":"https:\/\/discover-fujisawa.jp\/es\/wp-json\/wp\/v2\/news"}],"about":[{"href":"https:\/\/discover-fujisawa.jp\/es\/wp-json\/wp\/v2\/types\/news"}],"wp:attachment":[{"href":"https:\/\/discover-fujisawa.jp\/es\/wp-json\/wp\/v2\/media?parent=2823"}],"curies":[{"name":"wp","href":"https:\/\/api.w.org\/{rel}","templated":true}]}}