{"id":2823,"date":"2026-07-30T06:34:00","date_gmt":"2026-07-30T06:34:00","guid":{"rendered":"https:\/\/discover-fujisawa.jp\/?post_type=news&#038;p=2823"},"modified":"2026-09-04T05:39:05","modified_gmt":"2026-09-04T05:39:05","slug":"aobuta-2026-event","status":"publish","type":"news","link":"https:\/\/discover-fujisawa.jp\/fr\/news\/aobuta-2026-event\/","title":{"rendered":"\u00ab Rascal Does Not Dream \u00bb \u00e0 Fujisawa : \u00e9v\u00e9nements \u00e9t\u00e9 2026"},"content":{"rendered":"<p><\/p>\n<div class=\"aobuta-lp\">\n<section class=\"hero\">\n<div class=\"hero-image hero-image-left\"><img decoding=\"async\" src=\"https:\/\/discover-fujisawa.jp\/wp-content\/uploads\/2026\/07\/hero-kv-2026.jpg\" alt=\"\"><\/div>\n<\/section>\n<section class=\"intro\">\n<p class=\"section-kicker\">AOBUTA \u00d7 FUJISAWA<\/p>\n<h2>Cet \u00e9t\u00e9, rendez-vous \u00e0 Fujisawa, le d\u00e9cor d\u2019Aobuta<\/h2>\n<p>Rascal Does Not Dream of a Dear Friend sortira au cin\u00e9ma le vendredi 16 octobre.<\/p>\n<p>De nombreux \u00e9v\u00e9nements \u00e0 Fujisawa pour accompagner la conclusion de la s\u00e9rie \u00ab Rascal Does Not Dream \u00bb !<\/p>\n<p>La s\u00e9rie Rascal Does Not Dream s\u2019associe \u00e0 la ville de Fujisawa. Parcourez la ville et profitez d\u2019un rallye de tampons num\u00e9rique, d\u2019expositions, d\u2019une boutique \u00e9ph\u00e9m\u00e8re, d\u2019une projection nocturne et bien plus encore.<\/p>\n<\/section>\n<nav class=\"event-nav\" id=\"events\" aria-label=\"Liste des \u00e9v\u00e9nements\">\n<p class=\"section-kicker\">EVENT LINEUP<\/p>\n<h2>Programme des \u00e9v\u00e9nements<\/h2>\n<div class=\"event-nav-grid\"><a href=\"#event-1\"><span class=\"event-nav-image\"><img decoding=\"async\" src=\"https:\/\/discover-fujisawa.jp\/wp-content\/uploads\/2026\/07\/B1.jpg\" alt=\"\" loading=\"lazy\"><\/span><span class=\"event-nav-number\">1<\/span><span class=\"event-nav-label\">Aobuta \u00d7 Lanternes d\u2019Enoshima<\/span><\/a><a href=\"#event-2\"><span class=\"event-nav-image\"><img decoding=\"async\" src=\"https:\/\/discover-fujisawa.jp\/wp-content\/uploads\/2026\/07\/bigcamera_navi.jpg\" alt=\"\" loading=\"lazy\"><\/span><span class=\"event-nav-number\">2<\/span><span class=\"event-nav-label\">POP-UP SHOP chez BicCamera Fujisawa<\/span><\/a><a href=\"#event-3\"><span class=\"event-nav-image\"><img decoding=\"async\" src=\"https:\/\/discover-fujisawa.jp\/wp-content\/uploads\/2026\/07\/fujisawa.jpg\" alt=\"\" loading=\"lazy\"><\/span><span class=\"event-nav-number\">3<\/span><span class=\"event-nav-label\">Aobuta \u00d7 Ville de Fujisawa<\/span><\/a><a href=\"#event-4\"><span class=\"event-nav-image\"><img decoding=\"async\" src=\"https:\/\/discover-fujisawa.jp\/wp-content\/uploads\/2026\/07\/kv_kotoba.jpg\" alt=\"\" loading=\"lazy\"><\/span><span class=\"event-nav-number\">4<\/span><span class=\"event-nav-label\">Exposition Les Mots d\u2019Aobuta<\/span><\/a><a href=\"#event-5\"><span class=\"event-nav-image\"><img decoding=\"async\" src=\"https:\/\/discover-fujisawa.jp\/wp-content\/uploads\/2026\/07\/shonan.jpg\" alt=\"\" loading=\"lazy\"><\/span><span class=\"event-nav-number\">5<\/span><span class=\"event-nav-label\">Aobuta \u00d7 ODAKYU Shonan GATE<\/span><\/a><a href=\"#event-6\"><span class=\"event-nav-image\"><img decoding=\"async\" src=\"https:\/\/discover-fujisawa.jp\/wp-content\/uploads\/2026\/07\/memorial.jpg\" alt=\"\" loading=\"lazy\"><\/span><span class=\"event-nav-number\">6<\/span><span class=\"event-nav-label\">Place souterraine, sortie nord de la gare de Fujisawa<\/span><\/a><a href=\"#event-7\"><span class=\"event-nav-image\"><img decoding=\"async\" src=\"https:\/\/discover-fujisawa.jp\/wp-content\/uploads\/2026\/07\/movie_navi.jpg\" alt=\"\" loading=\"lazy\"><\/span><span class=\"event-nav-number\">7<\/span><span class=\"event-nav-label\">Projection nocturne de l\u2019anime<\/span><\/a><\/div>\n<\/nav>\n<div class=\"events\">\n<section class=\"event-section\" id=\"event-1\">\n<div class=\"event-visual\"><img decoding=\"async\" src=\"https:\/\/discover-fujisawa.jp\/wp-content\/uploads\/2026\/07\/B1.jpg\" alt=\"Aobuta \u00d7 Lanternes d\u2019Enoshima 2026\" loading=\"lazy\"><\/div>\n<div class=\"event-content\">\n<p class=\"event-index\">EVENT 01<\/p>\n<h2>Aobuta \u00d7 Lanternes d\u2019Enoshima 2026<\/h2>\n<p class=\"event-period\">1er ao\u00fbt (samedi) \u2013 23 septembre (mercredi f\u00e9ri\u00e9), 2026<\/p>\n<p class=\"event-description\">Des lanternes collector sont install\u00e9es sur toute l\u2019\u00eele et des panneaux grandeur nature apparaissent dans la salle panoramique de l\u2019Enoshima Sea Candle. Fl\u00e2nez sur l\u2019\u00eele, illumin\u00e9e par plus de 1 000 lanternes.<\/p>\n<div class=\"event-info\">\n<div class=\"info-row\"><span class=\"info-label\">Horaires<\/span><span class=\"info-value\">18 h \u2013 20 h (derni\u00e8re entr\u00e9e 20 h)<small>Jusqu\u2019\u00e0 21 h les samedis, dimanches, jours f\u00e9ri\u00e9s et du 10 au 14 ao\u00fbt (derni\u00e8re entr\u00e9e 20 h 30)<\/small><\/span><\/div>\n<div class=\"info-row\"><span class=\"info-label\">Lieu<\/span><span class=\"info-value\">Sanctuaire d\u2019Enoshima, jardin Samuel Cocking, Enoshima Sea Candle et grottes d\u2019Iwaya<\/span><\/div>\n<div class=\"info-row\"><span class=\"info-label\">Entr\u00e9e<\/span><span class=\"info-value\">Gratuite pour les lanternes. Des frais d\u2019entr\u00e9e s\u00e9par\u00e9s s\u2019appliquent au jardin Samuel Cocking, \u00e0 l\u2019Enoshima Sea Candle et aux grottes d\u2019Iwaya.<\/span><\/div>\n<div class=\"info-row\"><span class=\"info-label\">\u00c0 noter<\/span><span class=\"info-value\"><\/p>\n<ul>\n<li>Les visiteurs en yukata ou jinbei apr\u00e8s 17 h re\u00e7oivent un objet collector (dans la limite des stocks).<\/li>\n<li>Annul\u00e9 en cas de pluie ou de mauvais temps.<\/li>\n<li>Horaires et tarifs d\u2019entr\u00e9e d\u00e9taill\u00e9s sur la <a href=\"\/fr\/news\/enoshima-lanterns\/\">page Lanternes d\u2019Enoshima 2026<\/a>.<\/li>\n<\/ul>\n<p><\/span><\/div>\n<\/div>\n<\/div>\n<\/section>\n<section class=\"event-section\" id=\"event-2\">\n<div class=\"event-visual\"><img decoding=\"async\" src=\"https:\/\/discover-fujisawa.jp\/wp-content\/uploads\/2026\/07\/bigcamera.jpg\" alt=\"Visuel du POP-UP SHOP chez BicCamera Fujisawa\" loading=\"lazy\"><\/div>\n<div class=\"event-content\">\n<p class=\"event-index\">EVENT 02<\/p>\n<h2>POP-UP SHOP chez BicCamera Fujisawa<\/h2>\n<p class=\"event-period\">Du samedi 8 ao\u00fbt au dimanche 6 septembre 2026<\/p>\n<div class=\"event-info\">\n<div class=\"info-row\"><span class=\"info-label\">Lieu<\/span><span class=\"info-value\">BicCamera Fujisawa, 6e \u00e9tage<br \/><small class=\"sub-address\">559 Fujisawa, Fujisawa-city, Kanagawa 251-0052<\/small><\/span><\/div>\n<div class=\"info-row\"><span class=\"info-label\">Horaires<\/span><span class=\"info-value\">10:00\u201321:00<\/span><\/div>\n<div class=\"info-row\"><span class=\"info-label\">Site sp\u00e9cial<\/span><span class=\"info-value\"><a href=\"https:\/\/www.aniplex.co.jp\/aobuta-shop\/\" target=\"_blank\" rel=\"noopener noreferrer\">Site du POP UP SHOP<\/a><\/span><\/div>\n<\/div>\n<article class=\"detail-card\">\n<h3>Expositions sp\u00e9ciales<\/h3>\n<div class=\"event-info\">\n<div class=\"info-row\"><span class=\"info-label\">2e \u00e9tage<\/span><span class=\"info-value\">Silhouettes des personnages de Rascal Does Not Dream of a Dear Friend<\/span><\/div>\n<div class=\"info-row\"><span class=\"info-label\">2e \u00e9tage<\/span><span class=\"info-value\">Projection de vid\u00e9os de la s\u00e9rie Rascal Does Not Dream<\/span><\/div>\n<div class=\"info-row\"><span class=\"info-label\">6e \u00e9tage<\/span><span class=\"info-value\">Exposition de documents de production de la s\u00e9rie Rascal Does Not Dream<\/span><\/div>\n<\/div>\n<\/article>\n<article class=\"detail-card\">\n<h3>Cadeau d\u2019achat<\/h3>\n<p>Recevez une mini-affiche pour tout achat d\u2019au moins 7 000 yens TTC.<\/p>\n<ul class=\"notes\">\n<li>Dans la limite des stocks disponibles.<\/li>\n<li>Une affiche par transaction, y compris pour un achat de 14 000 yens ou plus.<\/li>\n<li>Les tickets de caisse ne peuvent pas \u00eatre cumul\u00e9s.<\/li>\n<\/ul>\n<\/article>\n<\/div>\n<\/section>\n<section class=\"event-section\" id=\"event-3\">\n<div class=\"event-visual\"><img decoding=\"async\" src=\"https:\/\/discover-fujisawa.jp\/wp-content\/uploads\/2026\/07\/fujisawa_mozi.jpg\" alt=\"Visuel de la collaboration Aobuta \u00d7 Ville de Fujisawa\" loading=\"lazy\"><\/div>\n<div class=\"event-content\">\n<p class=\"event-index\">EVENT 03<\/p>\n<h2>Aobuta \u00d7 Ville de Fujisawa<\/h2>\n<article class=\"detail-card\">\n<h3>Rallye de tampons num\u00e9rique<\/h3>\n<p class=\"sub-period\">Du mardi 11 ao\u00fbt au mercredi 30 septembre 2026<\/p>\n<div class=\"event-info\">\n<div class=\"info-row\"><span class=\"info-label\">Participation<\/span><span class=\"info-value\">Gratuit<\/span><\/div>\n<div class=\"info-row\"><span class=\"info-label\">R\u00e9compense<\/span><span class=\"info-value\">Carte de visite originale de Mai Sakurajima, ambassadrice RP 2026<\/span><\/div>\n<div class=\"info-row\"><span class=\"info-label\">Renseignements<\/span><span class=\"info-value\">Centre touristique de la ville de Fujisawa<br \/><a href=\"tel:0466224141\">TEL: 0466-22-4141<\/a><\/span><\/div>\n<\/div>\n<p><img decoding=\"async\" class=\"detail-image\" src=\"https:\/\/discover-fujisawa.jp\/wp-content\/uploads\/2026\/07\/img_fujisawa_meishi.jpg\" alt=\"Carte de visite originale de Mai Sakurajima, ambassadrice RP 2026\" loading=\"lazy\"><\/article>\n<article class=\"detail-card\">\n<h3>Affichage de posters collaboratifs<\/h3>\n<p class=\"sub-period\">\u00c0 partir du mardi 11 ao\u00fbt 2026 environ<\/p>\n<div class=\"event-info\">\n<div class=\"info-row\"><span class=\"info-label\">Lieux<\/span><span class=\"info-value\">Centre touristique de la ville de Fujisawa \/ Bureau d\u2019information touristique de Katase-Enoshima \/ commerces d\u2019Enoshima \/ b\u00e2timent principal de la mairie de Fujisawa \/ biblioth\u00e8que municipale g\u00e9n\u00e9rale de Fujisawa \/ centres communautaires \/ devant la salle de quartier de Shichirigahama, entre autres<\/span><\/div>\n<\/div>\n<\/article>\n<article class=\"detail-card\">\n<h3>Installation de banni\u00e8res des personnages<\/h3>\n<p class=\"sub-period\">\u00c0 partir du mardi 11 ao\u00fbt 2026 environ<\/p>\n<div class=\"event-info\">\n<div class=\"info-row\"><span class=\"info-label\">Lieux<\/span><span class=\"info-value\">Centre touristique de la ville de Fujisawa \/ Bureau d\u2019information touristique de Katase-Enoshima \/ diff\u00e9rents lieux d\u2019Enoshima \/ rue commer\u00e7ante de Hon-Kugenuma \/ rue commer\u00e7ante de Kugenuma Kaigan \/ devant la salle de quartier de Shichirigahama \/ commerces d\u2019Enoshima \/ rue commer\u00e7ante Katase Subana-dori \/ biblioth\u00e8que municipale g\u00e9n\u00e9rale de Fujisawa, entre autres<\/span><\/div>\n<\/div>\n<p><img decoding=\"async\" class=\"detail-image\" src=\"https:\/\/discover-fujisawa.jp\/wp-content\/uploads\/2026\/07\/img_fujisawa_nobori.jpg\" alt=\"Banni\u00e8res des personnages\" loading=\"lazy\"><\/article>\n<article class=\"detail-card\">\n<h3>Mai Sakurajima nomm\u00e9e ambassadrice RP<\/h3>\n<p><img decoding=\"async\" class=\"detail-image\" src=\"https:\/\/discover-fujisawa.jp\/wp-content\/uploads\/2026\/07\/img_pr.jpg\" alt=\"Photo comm\u00e9morative de la nomination de Mai Sakurajima comme ambassadrice RP\" loading=\"lazy\"><\/article>\n<\/div>\n<\/section>\n<section class=\"event-section\" id=\"event-4\">\n<div class=\"event-visual\"><img decoding=\"async\" src=\"https:\/\/discover-fujisawa.jp\/wp-content\/uploads\/2026\/07\/kv_kotoba.jpg\" alt=\"Visuel principal de l\u2019exposition Les Mots d\u2019Aobuta\" loading=\"lazy\"><\/div>\n<div class=\"event-content\">\n<p class=\"event-index\">EVENT 04<\/p>\n<h2>Exposition Les Mots d\u2019Aobuta<\/h2>\n<p class=\"event-period\">Du mardi 11 au dimanche 23 ao\u00fbt 2026<\/p>\n<p class=\"event-description\">Une exposition rassemblant les r\u00e9pliques marquantes de la s\u00e9rie Rascal Does Not Dream. Red\u00e9couvrez, \u00e0 travers leurs mots, les sentiments sinc\u00e8res, les conflits et les \u00e9motions propres \u00e0 l\u2019adolescence des personnages.<\/p>\n<div class=\"event-info\">\n<div class=\"info-row\"><span class=\"info-label\">Horaires<\/span><span class=\"info-value\">Du lundi au samedi : 10 h\u201319 h<br \/>Dimanche : 10 h\u201317 h<small>Merci de ne pas faire la queue avant l\u2019ouverture de l\u2019\u00e9tablissement.<\/small><\/span><\/div>\n<div class=\"info-row\"><span class=\"info-label\">Fermeture<\/span><span class=\"info-value\">Lundi 17 et mardi 18 ao\u00fbt<\/span><\/div>\n<div class=\"info-row\"><span class=\"info-label\">Lieu<\/span><span class=\"info-value\">Galerie municipale de Fujisawa, salle d\u2019exposition 1<br \/><small class=\"sub-address\">6e \u00e9tage d\u2019ODAKYU Shonan GATE, 21-1 Minamifujisawa, Fujisawa, Kanagawa 251-8570<\/small><\/span><\/div>\n<div class=\"info-row\"><span class=\"info-label\">Entr\u00e9e<\/span><span class=\"info-value\">Gratuit<\/span><\/div>\n<div class=\"info-row\"><span class=\"info-label\">\u00c0 noter<\/span><span class=\"info-value\"><\/p>\n<ul>\n<li>Merci de ne pas contacter directement l\u2019\u00e9tablissement.<\/li>\n<li>Les photographies des \u0153uvres expos\u00e9es sont autoris\u00e9es.<\/li>\n<li>Il est interdit de manger, de boire ou de fumer dans la salle d\u2019exposition.<\/li>\n<li>Les dates et horaires peuvent \u00eatre modifi\u00e9s sans pr\u00e9avis.<\/li>\n<li>Merci d\u2019\u00e9viter tout comportement susceptible de g\u00eaner les autres visiteurs.<\/li>\n<\/ul>\n<p><\/span><\/div>\n<div class=\"info-row\"><span class=\"info-label\">Renseignements<\/span><span class=\"info-value\">Service client\u00e8le Aniplex<br \/><a href=\"https:\/\/aniplex.co.jp\/support\/\" target=\"_blank\" rel=\"noopener noreferrer\">Page de contact<\/a><\/span><\/div>\n<\/div>\n<\/div>\n<\/section>\n<section class=\"event-section\" id=\"event-5\">\n<div class=\"event-visual\"><img decoding=\"async\" src=\"https:\/\/discover-fujisawa.jp\/wp-content\/uploads\/2026\/07\/shonan_mozi.jpg\" alt=\"Visuel de la collaboration Aobuta \u00d7 ODAKYU Shonan GATE\" loading=\"lazy\"><\/div>\n<div class=\"event-content\">\n<p class=\"event-index\">EVENT 05<\/p>\n<h2>Aobuta \u00d7 ODAKYU Shonan GATE<\/h2>\n<p class=\"event-period\">Du mardi 11 ao\u00fbt au dimanche 6 septembre 2026<\/p>\n<article class=\"detail-card\">\n<h3>Expositions sp\u00e9ciales<\/h3>\n<div class=\"event-info\">\n<div class=\"info-row\"><span class=\"info-label\">2e \u00e9tage<\/span><span class=\"info-value\">D\u00e9coration sp\u00e9ciale de l\u2019entr\u00e9e principale<\/span><\/div>\n<div class=\"info-row\"><span class=\"info-label\">5e \u00e9tage<\/span><span class=\"info-value\">Silhouettes des personnages de Rascal Does Not Dream of Santa Claus<\/span><\/div>\n<div class=\"info-row\"><span class=\"info-label\">7e \u00e9tage<\/span><span class=\"info-value\">Affiches des visuels principaux de toute la s\u00e9rie Rascal Does Not Dream<\/span><\/div>\n<div class=\"info-row\"><span class=\"info-label\">Dans tout le b\u00e2timent<\/span><span class=\"info-value\">Affichage de posters collaboratifs<\/span><\/div>\n<\/div>\n<p><img decoding=\"async\" class=\"detail-image\" src=\"https:\/\/discover-fujisawa.jp\/wp-content\/uploads\/2026\/07\/shonan_sousyoku.jpg\" alt=\"D\u00e9coration sp\u00e9ciale de l\u2019entr\u00e9e principale d\u2019ODAKYU Shonan GATE\" loading=\"lazy\"><\/article>\n<article class=\"detail-card\">\n<h3>Annonce originale dans le b\u00e2timent<\/h3>\n<p>Une annonce originale de Mai Sakurajima sera diffus\u00e9e dans le b\u00e2timent.<\/p>\n<\/article>\n<article class=\"detail-card\">\n<h3>Campagne collaborative<\/h3>\n<p>Les clients d\u00e9pensant au moins 1 500 yens TTC en une seule transaction dans un restaurant ou caf\u00e9 du b\u00e2timent et pr\u00e9sentant l\u2019\u00e9cran de participation au rallye de tampons num\u00e9rique Aobuta \u00d7 Ville de Fujisawa recevront un autocollant original.<\/p>\n<ul class=\"notes\">\n<li>Dans la limite des stocks disponibles.<\/li>\n<li>Les autocollants seront distribu\u00e9s jusqu\u2019au mercredi 30 septembre.<\/li>\n<li>La campagne peut prendre fin sans pr\u00e9avis.<\/li>\n<\/ul>\n<p><img decoding=\"async\" class=\"sticker-image\" src=\"https:\/\/discover-fujisawa.jp\/wp-content\/uploads\/2026\/07\/img_shonan_sticker.jpg\" alt=\"Autocollant original\" loading=\"lazy\"><\/article>\n<\/div>\n<\/section>\n<section class=\"event-section\" id=\"event-6\">\n<div class=\"event-visual\"><img decoding=\"async\" src=\"https:\/\/discover-fujisawa.jp\/wp-content\/uploads\/2026\/07\/memorial.jpg\" alt=\"Visuel comm\u00e9moratif\" loading=\"lazy\"><\/div>\n<div class=\"event-content\">\n<p class=\"event-index\">EVENT 06<\/p>\n<h2>Place souterraine de la sortie nord de la gare de Fujisawa<\/h2>\n<p class=\"event-period\">Du mardi 11 ao\u00fbt au dimanche 6 septembre 2026<\/p>\n<div class=\"event-info\">\n<div class=\"info-row\"><span class=\"info-label\">Lieu<\/span><span class=\"info-value\">Place souterraine de la sortie nord de la gare de Fujisawa<\/span><\/div>\n<div class=\"info-row\"><span class=\"info-label\">Contenu<\/span><span class=\"info-value\">Exposition d\u2019un visuel comm\u00e9moratif, diffusion d\u2019une compilation, etc.<\/span><\/div>\n<div class=\"info-row\"><span class=\"info-label\">\u00c0 noter<\/span><span class=\"info-value\"><\/p>\n<ul>\n<li>Merci de ne pas toucher ni d\u00e9placer les objets expos\u00e9s.<\/li>\n<li>La p\u00e9riode d\u2019exposition peut \u00eatre modifi\u00e9e sans pr\u00e9avis.<\/li>\n<\/ul>\n<p><\/span><\/div>\n<\/div>\n<\/div>\n<\/section>\n<section class=\"event-section\" id=\"event-7\">\n<div class=\"event-visual\"><img decoding=\"async\" src=\"https:\/\/discover-fujisawa.jp\/wp-content\/uploads\/2026\/07\/movie.jpg\" alt=\"Visuel de la projection nocturne de la s\u00e9rie Rascal Does Not Dream\" loading=\"lazy\"><\/div>\n<div class=\"event-content\">\n<p class=\"event-index\">EVENT 07<\/p>\n<h2>Projection nocturne de la s\u00e9rie anim\u00e9e Rascal Does Not Dream<\/h2>\n<p class=\"event-period\">Samedi 22 ao\u00fbt 2026, s\u00e9ance de 21 h 30 (Fin pr\u00e9vue \u00e0 4 h 55)<\/p>\n<div class=\"event-info\">\n<div class=\"info-row\"><span class=\"info-label\">Cin\u00e9ma<\/span><span class=\"info-value\">109 Cinemas Shonan<\/span><\/div>\n<div class=\"info-row\"><span class=\"info-label\">Programme<\/span><span class=\"info-value\">Les 13 \u00e9pisodes de Rascal Does Not Dream of Bunny Girl Senpai<br \/>Rascal Does Not Dream of a Dreaming Girl<\/span><\/div>\n<div class=\"info-row\"><span class=\"info-label\">Cadeau d\u2019entr\u00e9e<\/span><span class=\"info-value\">Carte comm\u00e9morative pli\u00e9e en accord\u00e9on<\/span><\/div>\n<div class=\"info-row\"><span class=\"info-label\">Tarif<\/span><span class=\"info-value\">4 200 yens TTC<br \/>Si\u00e8ge Executive : 5 200 yens TTC<\/p>\n<ul>\n<li>Les billets en pr\u00e9vente et les tarifs promotionnels ne sont pas accept\u00e9s.<\/li>\n<li>Les billets gratuits et invitations ne sont pas accept\u00e9s.<\/li>\n<li>Conform\u00e9ment \u00e0 la r\u00e9glementation sur la protection de la jeunesse, les moins de 18 ans ne peuvent pas entrer, m\u00eame accompagn\u00e9s d\u2019un parent ou tuteur.<\/li>\n<\/ul>\n<p><\/span><\/div>\n<\/div>\n<p><img decoding=\"async\" class=\"detail-image\" src=\"https:\/\/discover-fujisawa.jp\/wp-content\/uploads\/2026\/07\/jabara.jpg\" alt=\"Carte comm\u00e9morative pli\u00e9e en accord\u00e9on offerte \u00e0 l\u2019entr\u00e9e\" loading=\"lazy\"><\/p>\n<article class=\"detail-card\">\n<h3>Vente des billets<\/h3>\n<div class=\"event-info\">\n<div class=\"info-row\"><span class=\"info-label\">Site du cin\u00e9ma<\/span><span class=\"info-value\">\u00c0 partir du vendredi 24 juillet \u00e0 22 h<\/span><\/div>\n<div class=\"info-row\"><span class=\"info-label\">Guichet du cin\u00e9ma<\/span><span class=\"info-value\">\u00c0 partir de l\u2019ouverture du cin\u00e9ma le samedi 25 juillet<\/span><\/div>\n<\/div>\n<ul class=\"notes\">\n<li>Si les billets sont \u00e9puis\u00e9s en ligne, aucune vente n\u2019aura lieu au guichet.<\/li>\n<li>Deux billets maximum par personne.<\/li>\n<li>La pr\u00e9vente r\u00e9serv\u00e9e aux membres ne s\u2019applique pas.<\/li>\n<\/ul>\n<\/article>\n<section class=\"general-notes\" id=\"notes\">\n<h2>Informations aux visiteurs<\/h2>\n<ul>\n<li>Le contenu et le calendrier des \u00e9v\u00e9nements peuvent \u00eatre modifi\u00e9s sans pr\u00e9avis.<\/li>\n<li>Consultez les sites officiels des organisateurs et des \u00e9tablissements pour obtenir les derni\u00e8res informations.<\/li>\n<li>Merci de respecter les riverains et les autres visiteurs aux abords des sites.<\/li>\n<\/ul>\n<p><a href=\"https:\/\/ao-buta.com\/summer2026\/\" target=\"_blank\" rel=\"noopener noreferrer\">Site officiel du Festival d\u2019\u00e9t\u00e9 Aobuta<\/a><\/section>\n<details class=\"notice-details\">\n<summary>Informations importantes sur la projection<\/summary>\n<ul>\n<li>La s\u00e9rie t\u00e9l\u00e9vis\u00e9e sera projet\u00e9e \u00e0 partir de Blu-ray.<\/li>\n<li>Toutes les places sont num\u00e9rot\u00e9es. Un billet valide est obligatoire.<\/li>\n<li>Tout achat destin\u00e9 \u00e0 la revente ou au transfert est strictement interdit.<\/li>\n<li>Les billets revendus \u00e0 des fins lucratives, notamment sur Internet, seront invalid\u00e9s et l\u2019entr\u00e9e sera refus\u00e9e.<\/li>\n<li>Aucune modification ni aucun remboursement ne sera possible apr\u00e8s l\u2019achat.<\/li>\n<li>Les photos, vid\u00e9os et enregistrements audio sont strictement interdits dans la salle.<\/li>\n<li>Les organisateurs d\u00e9clinent toute responsabilit\u00e9 en cas de litige entre spectateurs.<\/li>\n<li>Les personnes en fauteuil roulant doivent acheter un billet pour une place standard puis contacter le cin\u00e9ma. Elles seront normalement plac\u00e9es dans un espace r\u00e9serv\u00e9 ; le nombre de places \u00e9tant limit\u00e9, un autre emplacement peut \u00eatre propos\u00e9.<\/li>\n<li>Apr\u00e8s minuit, le b\u00e2timent est ferm\u00e9 : aucune sortie ni r\u00e9admission n\u2019est possible.<\/li>\n<li>Apr\u00e8s minuit, seuls les toilettes et les poubelles situ\u00e9es dans le cin\u00e9ma sont accessibles.<\/li>\n<li>Les horaires et produits du comptoir de restauration peuvent diff\u00e9rer de l\u2019offre habituelle.<\/li>\n<li>Le parking devrait fonctionner normalement (entr\u00e9e de 6 h \u00e0 1 h ; sortie possible 24 h\/24).<\/li>\n<li>Merci de quitter le b\u00e2timent rapidement apr\u00e8s la projection.<\/li>\n<\/ul>\n<\/details>\n<\/div>\n<\/section>\n<\/div>\n<section class=\"access-section\" id=\"access\">\n<div>\n<p class=\"section-kicker\">GETTING HERE<\/p>\n<h2>\u00c0 environ une heure de Tokyo. Direction Fujisawa et Enoshima<\/h2>\n<\/div>\n<div>\n<p>Des trains directs relient Shinjuku, Shibuya, Shinagawa, Tokyo et Ueno en environ une heure. Profitez de votre visite des \u00e9v\u00e9nements pour d\u00e9couvrir les paysages de Fujisawa et d\u2019Enoshima qui ont inspir\u00e9 la s\u00e9rie.<\/p>\n<p><a class=\"outline-button\" href=\"\/access\/\" target=\"_blank\" rel=\"noopener noreferrer\">Voir les informations d\u2019acc\u00e8s<\/a><\/div>\n<\/section>\n<\/div>\n<p><\/p>","protected":false},"featured_media":0,"template":"","class_list":["post-2823","news","type-news","status-publish","hentry"],"acf":[],"aioseo_notices":[],"_links":{"self":[{"href":"https:\/\/discover-fujisawa.jp\/fr\/wp-json\/wp\/v2\/news\/2823","targetHints":{"allow":["GET"]}}],"collection":[{"href":"https:\/\/discover-fujisawa.jp\/fr\/wp-json\/wp\/v2\/news"}],"about":[{"href":"https:\/\/discover-fujisawa.jp\/fr\/wp-json\/wp\/v2\/types\/news"}],"wp:attachment":[{"href":"https:\/\/discover-fujisawa.jp\/fr\/wp-json\/wp\/v2\/media?parent=2823"}],"curies":[{"name":"wp","href":"https:\/\/api.w.org\/{rel}","templated":true}]}}